{"id":4649,"date":"2026-06-24T11:07:22","date_gmt":"2026-06-24T09:07:22","guid":{"rendered":"https:\/\/lokalutvecklingsverige.se\/?post_type=kalenderpost&#038;p=4649"},"modified":"2026-06-24T11:07:22","modified_gmt":"2026-06-24T09:07:22","slug":"webbinarium-stod-och-ersattningar-till-eus-gemensamma-jordbrukspolitik-efter-2027","status":"publish","type":"kalenderpost","link":"https:\/\/lokalutvecklingsverige.se\/en\/kalenderpost\/webbinarium-stod-och-ersattningar-till-eus-gemensamma-jordbrukspolitik-efter-2027\/","title":{"rendered":"Webinar \u2013 support and compensation for the EU's common agricultural policy after 2027"},"content":{"rendered":"<div id=\"svid12_315d15d619eaa1faee411ae\" class=\"sv-text-portlet sv-use-margins\">\n<div class=\"sv-text-portlet-content\">\n<h1 id=\"h-WebbinariumstodikommandeCAP\" class=\"heading\">Webinar \u2013 support in the upcoming CAP<\/h1>\n<\/div>\n<\/div>\n<div id=\"svid12_315d15d619eaa1faee411af\" class=\"sv-text-portlet sv-use-margins\">\n<div id=\"Ingress\"><\/div>\n<div class=\"sv-text-portlet-content\">\n<div id=\"svid12_5c048a5e19e8612ab079bea\" class=\"sv-text-portlet sv-use-margins sv-skip-spacer\">\n<div class=\"sv-text-portlet-content\">\n<p class=\"sv-font-ingress\">On August 17, you are welcome to a digital webinar about the Swedish Board of Agriculture's work to develop proposals for support and compensation for the EU's common agricultural policy after 2027.<\/p>\n<\/div>\n<\/div>\n<div id=\"svid12_5c048a5e19e8612ab079bec\" class=\"sv-text-portlet sv-use-margins\">\n<div id=\"Innehall\"><\/div>\n<div class=\"sv-vertical sv-layout jor-decoration-center-content sv-skip-spacer\">\n<div class=\"sv-vertical sv-layout sv-skip-spacer sv-decoration-content\">\n<div class=\"sv-text-portlet-content\">\n<p class=\"normal\">The webinar will discuss the Swedish Board of Agriculture's ongoing government assignment to develop proposals for support and compensation that will be included in Sweden's upcoming national and regional partnership plan, NRPP. <strong>The focus will be on support and compensation within the EU's common agricultural policy, CAP.<\/strong><\/p>\n<p class=\"normal\">The Swedish Board of Agriculture will also inform about the survey where you will have the opportunity to provide input on the design of the supports. The survey will be available on the page below after the meeting.<\/p>\n<p class=\"normal\">Your input will be used to make any adjustments to the proposals before they are sent to the Government Offices in October 2026.<\/p>\n<h2 id=\"h-Datumochtid\" class=\"subheading\">Date and time<\/h2>\n<p class=\"normal\">The webinar will be held digitally on August 17 from 14:00 to 15:00.<br \/>\nRegister by August 13 at the latest.<\/p>\n<p><a href=\"https:\/\/jordbruksverket.se\/om-jordbruksverket\/kurser-och-seminarier\/arkiv\/2026-08-17-webbinarium-stod-i-kommande-cap---\" target=\"_blank\" rel=\"noopener\">Read more and register here<\/a><\/p>\n<\/div>\n<\/div>\n<\/div>\n<\/div>\n<\/div>\n<\/div>\n<div id=\"svid12_315d15d619eaa1faee411b0\" class=\"sv-text-portlet sv-use-margins\">\n<p>&nbsp;<\/p>\n<\/div>","protected":false},"excerpt":{"rendered":"<p>Webbinarium &#8211; st\u00f6d i kommande CAP Den 17 augusti \u00e4r du v\u00e4lkommen till ett digitalt webbinarium om Jordbruksverkets arbete med att ta fram f\u00f6rslag p\u00e5 st\u00f6d och ers\u00e4ttningar till EU:s gemensamma jordbrukspolitik efter 2027. P\u00e5 webbinariet kommer man ber\u00e4tta om Jordbruksverkets p\u00e5g\u00e5ende regeringsuppdrag om att ta fram f\u00f6rslag till st\u00f6d och ers\u00e4ttningar som ska finnas [&hellip;]<\/p>\n","protected":false},"featured_media":0,"template":"","meta":{"_acf_changed":false,"_et_pb_use_builder":"","_et_pb_old_content":"","_et_gb_content_width":"","_links_to":"","_links_to_target":""},"class_list":["post-4649","kalenderpost","type-kalenderpost","status-publish","hentry"],"acf":[],"yoast_head":"<!-- This site is optimized with the Yoast SEO plugin v28.2 - https:\/\/yoast.com\/product\/yoast-seo-wordpress\/ -->\n<title>Webbinarium - st\u00f6d och ers\u00e4ttningar till EU:s gemensamma jordbrukspolitik efter 2027 - Lokal Utveckling Sverige<\/title>\n<meta name=\"robots\" content=\"index, follow, max-snippet:-1, max-image-preview:large, max-video-preview:-1\" \/>\n<link rel=\"canonical\" href=\"https:\/\/lokalutvecklingsverige.se\/en\/kalenderpost\/webbinarium-stod-och-ersattningar-till-eus-gemensamma-jordbrukspolitik-efter-2027\/\" \/>\n<meta property=\"og:locale\" content=\"en_US\" \/>\n<meta property=\"og:type\" content=\"article\" \/>\n<meta property=\"og:title\" content=\"Webbinarium - st\u00f6d och ers\u00e4ttningar till EU:s gemensamma jordbrukspolitik efter 2027 - Lokal Utveckling Sverige\" \/>\n<meta property=\"og:description\" content=\"Webbinarium &#8211; st\u00f6d i kommande CAP Den 17 augusti \u00e4r du v\u00e4lkommen till ett digitalt webbinarium om Jordbruksverkets arbete med att ta fram f\u00f6rslag p\u00e5 st\u00f6d och ers\u00e4ttningar till EU:s gemensamma jordbrukspolitik efter 2027. P\u00e5 webbinariet kommer man ber\u00e4tta om Jordbruksverkets p\u00e5g\u00e5ende regeringsuppdrag om att ta fram f\u00f6rslag till st\u00f6d och ers\u00e4ttningar som ska finnas [&hellip;]\" \/>\n<meta property=\"og:url\" content=\"https:\/\/lokalutvecklingsverige.se\/en\/kalenderpost\/webbinarium-stod-och-ersattningar-till-eus-gemensamma-jordbrukspolitik-efter-2027\/\" \/>\n<meta property=\"og:site_name\" content=\"Lokal Utveckling Sverige\" \/>\n<meta name=\"twitter:card\" content=\"summary_large_image\" \/>\n<meta name=\"twitter:label1\" content=\"Est. reading time\" \/>\n\t<meta name=\"twitter:data1\" content=\"1 minute\" \/>\n<script type=\"application\/ld+json\" class=\"yoast-schema-graph\">{\"@context\":\"https:\\\/\\\/schema.org\",\"@graph\":[{\"@type\":\"WebPage\",\"@id\":\"https:\\\/\\\/lokalutvecklingsverige.se\\\/kalenderpost\\\/webbinarium-stod-och-ersattningar-till-eus-gemensamma-jordbrukspolitik-efter-2027\\\/\",\"url\":\"https:\\\/\\\/lokalutvecklingsverige.se\\\/kalenderpost\\\/webbinarium-stod-och-ersattningar-till-eus-gemensamma-jordbrukspolitik-efter-2027\\\/\",\"name\":\"Webbinarium - st\u00f6d och ers\u00e4ttningar till EU:s gemensamma jordbrukspolitik efter 2027 - Lokal Utveckling Sverige\",\"isPartOf\":{\"@id\":\"https:\\\/\\\/lokalutvecklingsverige.se\\\/#website\"},\"datePublished\":\"2026-06-24T09:07:22+00:00\",\"breadcrumb\":{\"@id\":\"https:\\\/\\\/lokalutvecklingsverige.se\\\/kalenderpost\\\/webbinarium-stod-och-ersattningar-till-eus-gemensamma-jordbrukspolitik-efter-2027\\\/#breadcrumb\"},\"inLanguage\":\"en-US\",\"potentialAction\":[{\"@type\":\"ReadAction\",\"target\":[\"https:\\\/\\\/lokalutvecklingsverige.se\\\/kalenderpost\\\/webbinarium-stod-och-ersattningar-till-eus-gemensamma-jordbrukspolitik-efter-2027\\\/\"]}]},{\"@type\":\"BreadcrumbList\",\"@id\":\"https:\\\/\\\/lokalutvecklingsverige.se\\\/kalenderpost\\\/webbinarium-stod-och-ersattningar-till-eus-gemensamma-jordbrukspolitik-efter-2027\\\/#breadcrumb\",\"itemListElement\":[{\"@type\":\"ListItem\",\"position\":1,\"name\":\"Hem\",\"item\":\"https:\\\/\\\/lokalutvecklingsverige.se\\\/\"},{\"@type\":\"ListItem\",\"position\":2,\"name\":\"Webbinarium &#8211; st\u00f6d och ers\u00e4ttningar till EU:s gemensamma jordbrukspolitik efter 2027\"}]},{\"@type\":\"WebSite\",\"@id\":\"https:\\\/\\\/lokalutvecklingsverige.se\\\/#website\",\"url\":\"https:\\\/\\\/lokalutvecklingsverige.se\\\/\",\"name\":\"Lokal Utveckling Sverige\",\"description\":\"\",\"potentialAction\":[{\"@type\":\"SearchAction\",\"target\":{\"@type\":\"EntryPoint\",\"urlTemplate\":\"https:\\\/\\\/lokalutvecklingsverige.se\\\/?s={search_term_string}\"},\"query-input\":{\"@type\":\"PropertyValueSpecification\",\"valueRequired\":true,\"valueName\":\"search_term_string\"}}],\"inLanguage\":\"en-US\"}]}<\/script>\n<!-- \/ Yoast SEO plugin. -->","yoast_head_json":{"title":"Webbinarium - st\u00f6d och ers\u00e4ttningar till EU:s gemensamma jordbrukspolitik efter 2027 - Lokal Utveckling Sverige","robots":{"index":"index","follow":"follow","max-snippet":"max-snippet:-1","max-image-preview":"max-image-preview:large","max-video-preview":"max-video-preview:-1"},"canonical":"https:\/\/lokalutvecklingsverige.se\/en\/kalenderpost\/webbinarium-stod-och-ersattningar-till-eus-gemensamma-jordbrukspolitik-efter-2027\/","og_locale":"en_US","og_type":"article","og_title":"Webbinarium - st\u00f6d och ers\u00e4ttningar till EU:s gemensamma jordbrukspolitik efter 2027 - Lokal Utveckling Sverige","og_description":"Webbinarium &#8211; st\u00f6d i kommande CAP Den 17 augusti \u00e4r du v\u00e4lkommen till ett digitalt webbinarium om Jordbruksverkets arbete med att ta fram f\u00f6rslag p\u00e5 st\u00f6d och ers\u00e4ttningar till EU:s gemensamma jordbrukspolitik efter 2027. P\u00e5 webbinariet kommer man ber\u00e4tta om Jordbruksverkets p\u00e5g\u00e5ende regeringsuppdrag om att ta fram f\u00f6rslag till st\u00f6d och ers\u00e4ttningar som ska finnas [&hellip;]","og_url":"https:\/\/lokalutvecklingsverige.se\/en\/kalenderpost\/webbinarium-stod-och-ersattningar-till-eus-gemensamma-jordbrukspolitik-efter-2027\/","og_site_name":"Lokal Utveckling Sverige","twitter_card":"summary_large_image","twitter_misc":{"Est. reading time":"1 minute"},"schema":{"@context":"https:\/\/schema.org","@graph":[{"@type":"WebPage","@id":"https:\/\/lokalutvecklingsverige.se\/kalenderpost\/webbinarium-stod-och-ersattningar-till-eus-gemensamma-jordbrukspolitik-efter-2027\/","url":"https:\/\/lokalutvecklingsverige.se\/kalenderpost\/webbinarium-stod-och-ersattningar-till-eus-gemensamma-jordbrukspolitik-efter-2027\/","name":"Webbinarium - st\u00f6d och ers\u00e4ttningar till EU:s gemensamma jordbrukspolitik efter 2027 - Lokal Utveckling Sverige","isPartOf":{"@id":"https:\/\/lokalutvecklingsverige.se\/#website"},"datePublished":"2026-06-24T09:07:22+00:00","breadcrumb":{"@id":"https:\/\/lokalutvecklingsverige.se\/kalenderpost\/webbinarium-stod-och-ersattningar-till-eus-gemensamma-jordbrukspolitik-efter-2027\/#breadcrumb"},"inLanguage":"en-US","potentialAction":[{"@type":"ReadAction","target":["https:\/\/lokalutvecklingsverige.se\/kalenderpost\/webbinarium-stod-och-ersattningar-till-eus-gemensamma-jordbrukspolitik-efter-2027\/"]}]},{"@type":"BreadcrumbList","@id":"https:\/\/lokalutvecklingsverige.se\/kalenderpost\/webbinarium-stod-och-ersattningar-till-eus-gemensamma-jordbrukspolitik-efter-2027\/#breadcrumb","itemListElement":[{"@type":"ListItem","position":1,"name":"Hem","item":"https:\/\/lokalutvecklingsverige.se\/"},{"@type":"ListItem","position":2,"name":"Webbinarium &#8211; st\u00f6d och ers\u00e4ttningar till EU:s gemensamma jordbrukspolitik efter 2027"}]},{"@type":"WebSite","@id":"https:\/\/lokalutvecklingsverige.se\/#website","url":"https:\/\/lokalutvecklingsverige.se\/","name":"Lokal Utveckling Sverige","description":"","potentialAction":[{"@type":"SearchAction","target":{"@type":"EntryPoint","urlTemplate":"https:\/\/lokalutvecklingsverige.se\/?s={search_term_string}"},"query-input":{"@type":"PropertyValueSpecification","valueRequired":true,"valueName":"search_term_string"}}],"inLanguage":"en-US"}]}},"_links":{"self":[{"href":"https:\/\/lokalutvecklingsverige.se\/en\/wp-json\/wp\/v2\/kalenderpost\/4649","targetHints":{"allow":["GET"]}}],"collection":[{"href":"https:\/\/lokalutvecklingsverige.se\/en\/wp-json\/wp\/v2\/kalenderpost"}],"about":[{"href":"https:\/\/lokalutvecklingsverige.se\/en\/wp-json\/wp\/v2\/types\/kalenderpost"}],"version-history":[{"count":1,"href":"https:\/\/lokalutvecklingsverige.se\/en\/wp-json\/wp\/v2\/kalenderpost\/4649\/revisions"}],"predecessor-version":[{"id":4650,"href":"https:\/\/lokalutvecklingsverige.se\/en\/wp-json\/wp\/v2\/kalenderpost\/4649\/revisions\/4650"}],"wp:attachment":[{"href":"https:\/\/lokalutvecklingsverige.se\/en\/wp-json\/wp\/v2\/media?parent=4649"}],"curies":[{"name":"wp","href":"https:\/\/api.w.org\/{rel}","templated":true}]}}